{"id":350909,"date":"2022-07-07T17:21:17","date_gmt":"2022-07-07T17:21:17","guid":{"rendered":"https:\/\/orkla.ro\/?p=350909"},"modified":"2022-07-07T21:16:24","modified_gmt":"2022-07-07T21:16:24","slug":"campania-ardealul-mandre-cu-fainosag-a-fost-premiata-la-festivalul-effie-awards","status":"publish","type":"post","link":"https:\/\/orkla.ro\/en\/2022\/07\/07\/campania-ardealul-mandre-cu-fainosag-a-fost-premiata-la-festivalul-effie-awards\/","title":{"rendered":"The ARDEALUL - \"Women with Fainosag\" campaign was awarded at EFFIE AWARDS, the most prestigious event in the industry, in Romania"},"content":{"rendered":"<p>The ARDEALUL - \"Women with Fainosag\" campaign was awarded at EFFIE AWARDS, the most prestigious event in the industry, in Romania. Effie Awards is about excellence, creativity and efficiency in marketing and communication. The campaign brought to life together with McCann WorldGroup Romania was the only one awarded in the Packed Food category. Ardealul and Orkla Foods Romania win this award for the second year in a row and confirms consistency in communication.<\/p>\n<p><!--more--><\/p>\n<p>The jury, was chaired by Islam Eldessouky, Global Creative Strategy Director - The Coca-Cola Company and Sasan Saedi, Global Client Leader - Wunderman Thompson.<\/p>\n<p><a href=\"https:\/\/www.effie.ro\/romanian-effie-awards-2022-local-rankings\/\">https:\/\/www.effie.ro\/romanian-effie-awards-2022-local-rankings\/<\/a><\/p>\n<p><img loading=\"lazy\" decoding=\"async\" class=\"alignnone size-full wp-image-350910\" src=\"https:\/\/orkla.ro\/wp-content\/uploads\/2022\/07\/Effie-ARDEALUL-2022.jpg\" alt=\"\" width=\"900\" height=\"506\" srcset=\"https:\/\/orkla.ro\/wp-content\/uploads\/2022\/07\/Effie-ARDEALUL-2022.jpg 900w, https:\/\/orkla.ro\/wp-content\/uploads\/2022\/07\/Effie-ARDEALUL-2022-300x169.jpg 300w, https:\/\/orkla.ro\/wp-content\/uploads\/2022\/07\/Effie-ARDEALUL-2022-768x432.jpg 768w, https:\/\/orkla.ro\/wp-content\/uploads\/2022\/07\/Effie-ARDEALUL-2022-18x10.jpg 18w, https:\/\/orkla.ro\/wp-content\/uploads\/2022\/07\/Effie-ARDEALUL-2022-700x394.jpg 700w\" sizes=\"auto, (max-width: 900px) 100vw, 900px\" \/><\/p>\n<p><code><\/code><\/p>","protected":false},"excerpt":{"rendered":"<p>Campania ARDEALUL \u2013 \u201eM\u00e2ndre cu Faino\u0219ag\u201d a fost premiat\u0103 la Festivalul EFFIE AWARDS, cel mai prestigios eveniment din Rom\u00e2nia. Effie Awards premiaz\u0103 excelen\u021ba \u0219i eficien\u021ba \u00een marketing \u0219i comunicare. Campania creat\u0103 \u00eempreuna cu agen\u021bia McCann WorldGroup Romania a fost singura distins\u0103 \u00een categoria Packaged Food&#8230;.<\/p>","protected":false},"author":1,"featured_media":350916,"comment_status":"closed","ping_status":"closed","sticky":false,"template":"","format":"standard","meta":{"footnotes":""},"categories":[79],"tags":[],"class_list":["post-350909","post","type-post","status-publish","format-standard","has-post-thumbnail","hentry","category-stiri"],"yoast_head":"<!-- This site is optimized with the Yoast SEO plugin v27.5 - https:\/\/yoast.com\/product\/yoast-seo-wordpress\/ -->\n<title>Campania ARDEALUL \u2013 \u201eM\u00e2ndre cu Faino\u0219ag\u201d a fost premiat\u0103 la Festivalul EFFIE AWARDS - Orkla.ro<\/title>\n<meta name=\"description\" content=\"Campania ARDEALUL \u2013 \u201eM\u00e2ndre cu Faino\u0219ag\u201d a fost premiat\u0103 la Festivalul EFFIE AWARDS, cel mai prestigios eveniment din Rom\u00e2nia. Effie Awards premiaz\u0103 excelen\u021ba \u0219i eficien\u021ba \u00een marketing \u0219i comunicare. Campania creat\u0103 \u00eempreuna cu agen\u021bia McCann WorldGroup Romania a fost singura distins\u0103 \u00een categoria Packaged Food. Ardealul \u0219i Orkla Foods Rom\u00e2nia c\u00e2\u0219tig\u0103 acest premiu al doilea an la r\u00e2nd \u0219i astfel confirm\u0103 consisten\u021ba \u00een comunicare.Juriul, prezidat de Islam Eldessouky, Global Creative Strategy Director \u2013 The Coca-Cola Company \u0219i Sasan Saedi, Global Client Leader \u2013 Wunderman Thompson, a fost format din peste 100 de speciali\u0219ti din domeniu.https:\/\/www.effie.ro\/romanian-effie-awards-2022-local-rankings\/\" \/>\n<meta name=\"robots\" content=\"index, follow, max-snippet:-1, max-image-preview:large, max-video-preview:-1\" \/>\n<link rel=\"canonical\" href=\"https:\/\/orkla.ro\/en\/2022\/07\/07\/campania-ardealul-mandre-cu-fainosag-a-fost-premiata-la-festivalul-effie-awards\/\" \/>\n<meta property=\"og:locale\" content=\"en_US\" \/>\n<meta property=\"og:type\" content=\"article\" \/>\n<meta property=\"og:title\" content=\"Campania ARDEALUL \u2013 \u201eM\u00e2ndre cu Faino\u0219ag\u201d a fost premiat\u0103 la Festivalul EFFIE AWARDS,\" \/>\n<meta property=\"og:description\" content=\"Campania ARDEALUL \u2013 \u201eM\u00e2ndre cu Faino\u0219ag\u201d a fost premiat\u0103 la Festivalul EFFIE AWARDS, cel mai prestigios eveniment din Rom\u00e2nia. Effie Awards premiaz\u0103 excelen\u021ba \u0219i eficien\u021ba \u00een marketing \u0219i comunicare. Campania creat\u0103 \u00eempreuna cu agen\u021bia McCann WorldGroup Romania a fost singura distins\u0103 \u00een categoria Packaged Food. Ardealul \u0219i Orkla Foods Rom\u00e2nia c\u00e2\u0219tig\u0103 acest premiu al doilea an la r\u00e2nd \u0219i astfel confirm\u0103 consisten\u021ba \u00een comunicare.Juriul, prezidat de Islam Eldessouky, Global Creative Strategy Director \u2013 The Coca-Cola Company \u0219i Sasan Saedi, Global Client Leader \u2013 Wunderman Thompson, a fost format din peste 100 de speciali\u0219ti din domeniu.https:\/\/www.effie.ro\/romanian-effie-awards-2022-local-rankings\/\" \/>\n<meta property=\"og:url\" content=\"https:\/\/orkla.ro\/en\/2022\/07\/07\/campania-ardealul-mandre-cu-fainosag-a-fost-premiata-la-festivalul-effie-awards\/\" \/>\n<meta property=\"og:site_name\" content=\"Orkla.ro\" \/>\n<meta property=\"article:publisher\" content=\"https:\/\/www.facebook.com\/OrklaFoodsRomania\/\" \/>\n<meta property=\"article:published_time\" content=\"2022-07-07T17:21:17+00:00\" \/>\n<meta property=\"article:modified_time\" content=\"2022-07-07T21:16:24+00:00\" \/>\n<meta property=\"og:image\" content=\"https:\/\/orkla.ro\/wp-content\/uploads\/2022\/07\/Effie-ARDEALUL-2022.jpg\" \/>\n\t<meta property=\"og:image:width\" content=\"900\" \/>\n\t<meta property=\"og:image:height\" content=\"506\" \/>\n\t<meta property=\"og:image:type\" content=\"image\/jpeg\" \/>\n<meta name=\"author\" content=\"Orkla Foods Romania\" \/>\n<meta name=\"twitter:card\" content=\"summary_large_image\" \/>\n<meta name=\"twitter:title\" content=\"Campania ARDEALUL \u2013 \u201eM\u00e2ndre cu Faino\u0219ag\u201d a fost premiat\u0103 la Festivalul EFFIE AWARDS,\" \/>\n<meta name=\"twitter:description\" content=\"Campania ARDEALUL \u2013 \u201eM\u00e2ndre cu Faino\u0219ag\u201d a fost premiat\u0103 la Festivalul EFFIE AWARDS, cel mai prestigios eveniment din Rom\u00e2nia. Effie Awards premiaz\u0103 excelen\u021ba \u0219i eficien\u021ba \u00een marketing \u0219i comunicare. Campania creat\u0103 \u00eempreuna cu agen\u021bia McCann WorldGroup Romania a fost singura distins\u0103 \u00een categoria Packaged Food. Ardealul \u0219i Orkla Foods Rom\u00e2nia c\u00e2\u0219tig\u0103 acest premiu al doilea an la r\u00e2nd \u0219i astfel confirm\u0103 consisten\u021ba \u00een comunicare.Juriul, prezidat de Islam Eldessouky, Global Creative Strategy Director \u2013 The Coca-Cola Company \u0219i Sasan Saedi, Global Client Leader \u2013 Wunderman Thompson, a fost format din peste 100 de speciali\u0219ti din domeniu.https:\/\/www.effie.ro\/romanian-effie-awards-2022-local-rankings\/\" \/>\n<meta name=\"twitter:image\" content=\"https:\/\/orkla.ro\/wp-content\/uploads\/2022\/07\/Effie-ARDEALUL-2022.jpg\" \/>\n<meta name=\"twitter:label1\" content=\"Written by\" \/>\n\t<meta name=\"twitter:data1\" content=\"Orkla Foods Romania\" \/>\n\t<meta name=\"twitter:label2\" content=\"Est. reading time\" \/>\n\t<meta name=\"twitter:data2\" content=\"1 minute\" \/>\n<script type=\"application\/ld+json\" class=\"yoast-schema-graph\">{\"@context\":\"https:\\\/\\\/schema.org\",\"@graph\":[{\"@type\":\"Article\",\"@id\":\"https:\\\/\\\/orkla.ro\\\/2022\\\/07\\\/07\\\/campania-ardealul-mandre-cu-fainosag-a-fost-premiata-la-festivalul-effie-awards\\\/#article\",\"isPartOf\":{\"@id\":\"https:\\\/\\\/orkla.ro\\\/2022\\\/07\\\/07\\\/campania-ardealul-mandre-cu-fainosag-a-fost-premiata-la-festivalul-effie-awards\\\/\"},\"author\":{\"name\":\"Orkla Foods Romania\",\"@id\":\"https:\\\/\\\/orkla.ro\\\/#\\\/schema\\\/person\\\/ec83ec7c7949f1c61e5dcef11a551c22\"},\"headline\":\"Campania ARDEALUL \u2013 \u201eM\u00e2ndre cu Faino\u0219ag\u201d a fost premiat\u0103 la Festivalul EFFIE AWARDS\",\"datePublished\":\"2022-07-07T17:21:17+00:00\",\"dateModified\":\"2022-07-07T21:16:24+00:00\",\"mainEntityOfPage\":{\"@id\":\"https:\\\/\\\/orkla.ro\\\/2022\\\/07\\\/07\\\/campania-ardealul-mandre-cu-fainosag-a-fost-premiata-la-festivalul-effie-awards\\\/\"},\"wordCount\":123,\"publisher\":{\"@id\":\"https:\\\/\\\/orkla.ro\\\/#organization\"},\"image\":{\"@id\":\"https:\\\/\\\/orkla.ro\\\/2022\\\/07\\\/07\\\/campania-ardealul-mandre-cu-fainosag-a-fost-premiata-la-festivalul-effie-awards\\\/#primaryimage\"},\"thumbnailUrl\":\"https:\\\/\\\/orkla.ro\\\/wp-content\\\/uploads\\\/2022\\\/07\\\/Effie-mandre-cu-Fainosag.jpg\",\"articleSection\":[\"Stiri\"],\"inLanguage\":\"en-US\"},{\"@type\":\"WebPage\",\"@id\":\"https:\\\/\\\/orkla.ro\\\/2022\\\/07\\\/07\\\/campania-ardealul-mandre-cu-fainosag-a-fost-premiata-la-festivalul-effie-awards\\\/\",\"url\":\"https:\\\/\\\/orkla.ro\\\/2022\\\/07\\\/07\\\/campania-ardealul-mandre-cu-fainosag-a-fost-premiata-la-festivalul-effie-awards\\\/\",\"name\":\"Campania ARDEALUL \u2013 \u201eM\u00e2ndre cu Faino\u0219ag\u201d a fost premiat\u0103 la Festivalul EFFIE AWARDS - Orkla.ro\",\"isPartOf\":{\"@id\":\"https:\\\/\\\/orkla.ro\\\/#website\"},\"primaryImageOfPage\":{\"@id\":\"https:\\\/\\\/orkla.ro\\\/2022\\\/07\\\/07\\\/campania-ardealul-mandre-cu-fainosag-a-fost-premiata-la-festivalul-effie-awards\\\/#primaryimage\"},\"image\":{\"@id\":\"https:\\\/\\\/orkla.ro\\\/2022\\\/07\\\/07\\\/campania-ardealul-mandre-cu-fainosag-a-fost-premiata-la-festivalul-effie-awards\\\/#primaryimage\"},\"thumbnailUrl\":\"https:\\\/\\\/orkla.ro\\\/wp-content\\\/uploads\\\/2022\\\/07\\\/Effie-mandre-cu-Fainosag.jpg\",\"datePublished\":\"2022-07-07T17:21:17+00:00\",\"dateModified\":\"2022-07-07T21:16:24+00:00\",\"description\":\"Campania ARDEALUL \u2013 \u201eM\u00e2ndre cu Faino\u0219ag\u201d a fost premiat\u0103 la Festivalul EFFIE AWARDS, cel mai prestigios eveniment din Rom\u00e2nia. Effie Awards premiaz\u0103 excelen\u021ba \u0219i eficien\u021ba \u00een marketing \u0219i comunicare. Campania creat\u0103 \u00eempreuna cu agen\u021bia McCann WorldGroup Romania a fost singura distins\u0103 \u00een categoria Packaged Food. Ardealul \u0219i Orkla Foods Rom\u00e2nia c\u00e2\u0219tig\u0103 acest premiu al doilea an la r\u00e2nd \u0219i astfel confirm\u0103 consisten\u021ba \u00een comunicare.Juriul, prezidat de Islam Eldessouky, Global Creative Strategy Director \u2013 The Coca-Cola Company \u0219i Sasan Saedi, Global Client Leader \u2013 Wunderman Thompson, a fost format din peste 100 de speciali\u0219ti din domeniu.https:\\\/\\\/www.effie.ro\\\/romanian-effie-awards-2022-local-rankings\\\/\",\"breadcrumb\":{\"@id\":\"https:\\\/\\\/orkla.ro\\\/2022\\\/07\\\/07\\\/campania-ardealul-mandre-cu-fainosag-a-fost-premiata-la-festivalul-effie-awards\\\/#breadcrumb\"},\"inLanguage\":\"en-US\",\"potentialAction\":[{\"@type\":\"ReadAction\",\"target\":[\"https:\\\/\\\/orkla.ro\\\/2022\\\/07\\\/07\\\/campania-ardealul-mandre-cu-fainosag-a-fost-premiata-la-festivalul-effie-awards\\\/\"]}]},{\"@type\":\"ImageObject\",\"inLanguage\":\"en-US\",\"@id\":\"https:\\\/\\\/orkla.ro\\\/2022\\\/07\\\/07\\\/campania-ardealul-mandre-cu-fainosag-a-fost-premiata-la-festivalul-effie-awards\\\/#primaryimage\",\"url\":\"https:\\\/\\\/orkla.ro\\\/wp-content\\\/uploads\\\/2022\\\/07\\\/Effie-mandre-cu-Fainosag.jpg\",\"contentUrl\":\"https:\\\/\\\/orkla.ro\\\/wp-content\\\/uploads\\\/2022\\\/07\\\/Effie-mandre-cu-Fainosag.jpg\",\"width\":1600,\"height\":1736},{\"@type\":\"BreadcrumbList\",\"@id\":\"https:\\\/\\\/orkla.ro\\\/2022\\\/07\\\/07\\\/campania-ardealul-mandre-cu-fainosag-a-fost-premiata-la-festivalul-effie-awards\\\/#breadcrumb\",\"itemListElement\":[{\"@type\":\"ListItem\",\"position\":1,\"name\":\"Home\",\"item\":\"https:\\\/\\\/orkla.ro\\\/\"},{\"@type\":\"ListItem\",\"position\":2,\"name\":\"Campania ARDEALUL \u2013 \u201eM\u00e2ndre cu Faino\u0219ag\u201d a fost premiat\u0103 la Festivalul EFFIE AWARDS\"}]},{\"@type\":\"WebSite\",\"@id\":\"https:\\\/\\\/orkla.ro\\\/#website\",\"url\":\"https:\\\/\\\/orkla.ro\\\/\",\"name\":\"Orkla.ro\",\"description\":\"PRIETENUL T\u0102U \u00ceN VIA\u021aA DE ZI CU ZI\",\"publisher\":{\"@id\":\"https:\\\/\\\/orkla.ro\\\/#organization\"},\"potentialAction\":[{\"@type\":\"SearchAction\",\"target\":{\"@type\":\"EntryPoint\",\"urlTemplate\":\"https:\\\/\\\/orkla.ro\\\/?s={search_term_string}\"},\"query-input\":{\"@type\":\"PropertyValueSpecification\",\"valueRequired\":true,\"valueName\":\"search_term_string\"}}],\"inLanguage\":\"en-US\"},{\"@type\":\"Organization\",\"@id\":\"https:\\\/\\\/orkla.ro\\\/#organization\",\"name\":\"Orkla Foods Romania\",\"url\":\"https:\\\/\\\/orkla.ro\\\/\",\"logo\":{\"@type\":\"ImageObject\",\"inLanguage\":\"en-US\",\"@id\":\"https:\\\/\\\/orkla.ro\\\/#\\\/schema\\\/logo\\\/image\\\/\",\"url\":\"https:\\\/\\\/orkla.ro\\\/wp-content\\\/uploads\\\/2019\\\/12\\\/logo-orkla-foods-romania-copy-1.jpg\",\"contentUrl\":\"https:\\\/\\\/orkla.ro\\\/wp-content\\\/uploads\\\/2019\\\/12\\\/logo-orkla-foods-romania-copy-1.jpg\",\"width\":203,\"height\":70,\"caption\":\"Orkla Foods Romania\"},\"image\":{\"@id\":\"https:\\\/\\\/orkla.ro\\\/#\\\/schema\\\/logo\\\/image\\\/\"},\"sameAs\":[\"https:\\\/\\\/www.facebook.com\\\/OrklaFoodsRomania\\\/\"]},{\"@type\":\"Person\",\"@id\":\"https:\\\/\\\/orkla.ro\\\/#\\\/schema\\\/person\\\/ec83ec7c7949f1c61e5dcef11a551c22\",\"name\":\"Orkla Foods Romania\",\"image\":{\"@type\":\"ImageObject\",\"inLanguage\":\"en-US\",\"@id\":\"https:\\\/\\\/secure.gravatar.com\\\/avatar\\\/49a7ce633d7d0e8bc783fd7dcff075c519ec5ee2bd28adc44bab900d72a7bf00?s=96&d=mm&r=g\",\"url\":\"https:\\\/\\\/secure.gravatar.com\\\/avatar\\\/49a7ce633d7d0e8bc783fd7dcff075c519ec5ee2bd28adc44bab900d72a7bf00?s=96&d=mm&r=g\",\"contentUrl\":\"https:\\\/\\\/secure.gravatar.com\\\/avatar\\\/49a7ce633d7d0e8bc783fd7dcff075c519ec5ee2bd28adc44bab900d72a7bf00?s=96&d=mm&r=g\",\"caption\":\"Orkla Foods Romania\"}}]}<\/script>\n<!-- \/ Yoast SEO plugin. -->","yoast_head_json":{"title":"Campania ARDEALUL \u2013 \u201eM\u00e2ndre cu Faino\u0219ag\u201d a fost premiat\u0103 la Festivalul EFFIE AWARDS - Orkla.ro","description":"Campania ARDEALUL \u2013 \u201eM\u00e2ndre cu Faino\u0219ag\u201d a fost premiat\u0103 la Festivalul EFFIE AWARDS, cel mai prestigios eveniment din Rom\u00e2nia. Effie Awards premiaz\u0103 excelen\u021ba \u0219i eficien\u021ba \u00een marketing \u0219i comunicare. Campania creat\u0103 \u00eempreuna cu agen\u021bia McCann WorldGroup Romania a fost singura distins\u0103 \u00een categoria Packaged Food. Ardealul \u0219i Orkla Foods Rom\u00e2nia c\u00e2\u0219tig\u0103 acest premiu al doilea an la r\u00e2nd \u0219i astfel confirm\u0103 consisten\u021ba \u00een comunicare.Juriul, prezidat de Islam Eldessouky, Global Creative Strategy Director \u2013 The Coca-Cola Company \u0219i Sasan Saedi, Global Client Leader \u2013 Wunderman Thompson, a fost format din peste 100 de speciali\u0219ti din domeniu.https:\/\/www.effie.ro\/romanian-effie-awards-2022-local-rankings\/","robots":{"index":"index","follow":"follow","max-snippet":"max-snippet:-1","max-image-preview":"max-image-preview:large","max-video-preview":"max-video-preview:-1"},"canonical":"https:\/\/orkla.ro\/en\/2022\/07\/07\/campania-ardealul-mandre-cu-fainosag-a-fost-premiata-la-festivalul-effie-awards\/","og_locale":"en_US","og_type":"article","og_title":"Campania ARDEALUL \u2013 \u201eM\u00e2ndre cu Faino\u0219ag\u201d a fost premiat\u0103 la Festivalul EFFIE AWARDS,","og_description":"Campania ARDEALUL \u2013 \u201eM\u00e2ndre cu Faino\u0219ag\u201d a fost premiat\u0103 la Festivalul EFFIE AWARDS, cel mai prestigios eveniment din Rom\u00e2nia. Effie Awards premiaz\u0103 excelen\u021ba \u0219i eficien\u021ba \u00een marketing \u0219i comunicare. Campania creat\u0103 \u00eempreuna cu agen\u021bia McCann WorldGroup Romania a fost singura distins\u0103 \u00een categoria Packaged Food. Ardealul \u0219i Orkla Foods Rom\u00e2nia c\u00e2\u0219tig\u0103 acest premiu al doilea an la r\u00e2nd \u0219i astfel confirm\u0103 consisten\u021ba \u00een comunicare.Juriul, prezidat de Islam Eldessouky, Global Creative Strategy Director \u2013 The Coca-Cola Company \u0219i Sasan Saedi, Global Client Leader \u2013 Wunderman Thompson, a fost format din peste 100 de speciali\u0219ti din domeniu.https:\/\/www.effie.ro\/romanian-effie-awards-2022-local-rankings\/","og_url":"https:\/\/orkla.ro\/en\/2022\/07\/07\/campania-ardealul-mandre-cu-fainosag-a-fost-premiata-la-festivalul-effie-awards\/","og_site_name":"Orkla.ro","article_publisher":"https:\/\/www.facebook.com\/OrklaFoodsRomania\/","article_published_time":"2022-07-07T17:21:17+00:00","article_modified_time":"2022-07-07T21:16:24+00:00","og_image":[{"width":900,"height":506,"url":"https:\/\/orkla.ro\/wp-content\/uploads\/2022\/07\/Effie-ARDEALUL-2022.jpg","type":"image\/jpeg"}],"author":"Orkla Foods Romania","twitter_card":"summary_large_image","twitter_title":"Campania ARDEALUL \u2013 \u201eM\u00e2ndre cu Faino\u0219ag\u201d a fost premiat\u0103 la Festivalul EFFIE AWARDS,","twitter_description":"Campania ARDEALUL \u2013 \u201eM\u00e2ndre cu Faino\u0219ag\u201d a fost premiat\u0103 la Festivalul EFFIE AWARDS, cel mai prestigios eveniment din Rom\u00e2nia. Effie Awards premiaz\u0103 excelen\u021ba \u0219i eficien\u021ba \u00een marketing \u0219i comunicare. Campania creat\u0103 \u00eempreuna cu agen\u021bia McCann WorldGroup Romania a fost singura distins\u0103 \u00een categoria Packaged Food. Ardealul \u0219i Orkla Foods Rom\u00e2nia c\u00e2\u0219tig\u0103 acest premiu al doilea an la r\u00e2nd \u0219i astfel confirm\u0103 consisten\u021ba \u00een comunicare.Juriul, prezidat de Islam Eldessouky, Global Creative Strategy Director \u2013 The Coca-Cola Company \u0219i Sasan Saedi, Global Client Leader \u2013 Wunderman Thompson, a fost format din peste 100 de speciali\u0219ti din domeniu.https:\/\/www.effie.ro\/romanian-effie-awards-2022-local-rankings\/","twitter_image":"https:\/\/orkla.ro\/wp-content\/uploads\/2022\/07\/Effie-ARDEALUL-2022.jpg","twitter_misc":{"Written by":"Orkla Foods Romania","Est. reading time":"1 minute"},"schema":{"@context":"https:\/\/schema.org","@graph":[{"@type":"Article","@id":"https:\/\/orkla.ro\/2022\/07\/07\/campania-ardealul-mandre-cu-fainosag-a-fost-premiata-la-festivalul-effie-awards\/#article","isPartOf":{"@id":"https:\/\/orkla.ro\/2022\/07\/07\/campania-ardealul-mandre-cu-fainosag-a-fost-premiata-la-festivalul-effie-awards\/"},"author":{"name":"Orkla Foods Romania","@id":"https:\/\/orkla.ro\/#\/schema\/person\/ec83ec7c7949f1c61e5dcef11a551c22"},"headline":"Campania ARDEALUL \u2013 \u201eM\u00e2ndre cu Faino\u0219ag\u201d a fost premiat\u0103 la Festivalul EFFIE AWARDS","datePublished":"2022-07-07T17:21:17+00:00","dateModified":"2022-07-07T21:16:24+00:00","mainEntityOfPage":{"@id":"https:\/\/orkla.ro\/2022\/07\/07\/campania-ardealul-mandre-cu-fainosag-a-fost-premiata-la-festivalul-effie-awards\/"},"wordCount":123,"publisher":{"@id":"https:\/\/orkla.ro\/#organization"},"image":{"@id":"https:\/\/orkla.ro\/2022\/07\/07\/campania-ardealul-mandre-cu-fainosag-a-fost-premiata-la-festivalul-effie-awards\/#primaryimage"},"thumbnailUrl":"https:\/\/orkla.ro\/wp-content\/uploads\/2022\/07\/Effie-mandre-cu-Fainosag.jpg","articleSection":["Stiri"],"inLanguage":"en-US"},{"@type":"WebPage","@id":"https:\/\/orkla.ro\/2022\/07\/07\/campania-ardealul-mandre-cu-fainosag-a-fost-premiata-la-festivalul-effie-awards\/","url":"https:\/\/orkla.ro\/2022\/07\/07\/campania-ardealul-mandre-cu-fainosag-a-fost-premiata-la-festivalul-effie-awards\/","name":"Campania ARDEALUL \u2013 \u201eM\u00e2ndre cu Faino\u0219ag\u201d a fost premiat\u0103 la Festivalul EFFIE AWARDS - Orkla.ro","isPartOf":{"@id":"https:\/\/orkla.ro\/#website"},"primaryImageOfPage":{"@id":"https:\/\/orkla.ro\/2022\/07\/07\/campania-ardealul-mandre-cu-fainosag-a-fost-premiata-la-festivalul-effie-awards\/#primaryimage"},"image":{"@id":"https:\/\/orkla.ro\/2022\/07\/07\/campania-ardealul-mandre-cu-fainosag-a-fost-premiata-la-festivalul-effie-awards\/#primaryimage"},"thumbnailUrl":"https:\/\/orkla.ro\/wp-content\/uploads\/2022\/07\/Effie-mandre-cu-Fainosag.jpg","datePublished":"2022-07-07T17:21:17+00:00","dateModified":"2022-07-07T21:16:24+00:00","description":"Campania ARDEALUL \u2013 \u201eM\u00e2ndre cu Faino\u0219ag\u201d a fost premiat\u0103 la Festivalul EFFIE AWARDS, cel mai prestigios eveniment din Rom\u00e2nia. Effie Awards premiaz\u0103 excelen\u021ba \u0219i eficien\u021ba \u00een marketing \u0219i comunicare. Campania creat\u0103 \u00eempreuna cu agen\u021bia McCann WorldGroup Romania a fost singura distins\u0103 \u00een categoria Packaged Food. Ardealul \u0219i Orkla Foods Rom\u00e2nia c\u00e2\u0219tig\u0103 acest premiu al doilea an la r\u00e2nd \u0219i astfel confirm\u0103 consisten\u021ba \u00een comunicare.Juriul, prezidat de Islam Eldessouky, Global Creative Strategy Director \u2013 The Coca-Cola Company \u0219i Sasan Saedi, Global Client Leader \u2013 Wunderman Thompson, a fost format din peste 100 de speciali\u0219ti din domeniu.https:\/\/www.effie.ro\/romanian-effie-awards-2022-local-rankings\/","breadcrumb":{"@id":"https:\/\/orkla.ro\/2022\/07\/07\/campania-ardealul-mandre-cu-fainosag-a-fost-premiata-la-festivalul-effie-awards\/#breadcrumb"},"inLanguage":"en-US","potentialAction":[{"@type":"ReadAction","target":["https:\/\/orkla.ro\/2022\/07\/07\/campania-ardealul-mandre-cu-fainosag-a-fost-premiata-la-festivalul-effie-awards\/"]}]},{"@type":"ImageObject","inLanguage":"en-US","@id":"https:\/\/orkla.ro\/2022\/07\/07\/campania-ardealul-mandre-cu-fainosag-a-fost-premiata-la-festivalul-effie-awards\/#primaryimage","url":"https:\/\/orkla.ro\/wp-content\/uploads\/2022\/07\/Effie-mandre-cu-Fainosag.jpg","contentUrl":"https:\/\/orkla.ro\/wp-content\/uploads\/2022\/07\/Effie-mandre-cu-Fainosag.jpg","width":1600,"height":1736},{"@type":"BreadcrumbList","@id":"https:\/\/orkla.ro\/2022\/07\/07\/campania-ardealul-mandre-cu-fainosag-a-fost-premiata-la-festivalul-effie-awards\/#breadcrumb","itemListElement":[{"@type":"ListItem","position":1,"name":"Home","item":"https:\/\/orkla.ro\/"},{"@type":"ListItem","position":2,"name":"Campania ARDEALUL \u2013 \u201eM\u00e2ndre cu Faino\u0219ag\u201d a fost premiat\u0103 la Festivalul EFFIE AWARDS"}]},{"@type":"WebSite","@id":"https:\/\/orkla.ro\/#website","url":"https:\/\/orkla.ro\/","name":"Orkla.ro","description":"YOUR FRIEND IN EVERYDAY LIFE","publisher":{"@id":"https:\/\/orkla.ro\/#organization"},"potentialAction":[{"@type":"SearchAction","target":{"@type":"EntryPoint","urlTemplate":"https:\/\/orkla.ro\/?s={search_term_string}"},"query-input":{"@type":"PropertyValueSpecification","valueRequired":true,"valueName":"search_term_string"}}],"inLanguage":"en-US"},{"@type":"Organization","@id":"https:\/\/orkla.ro\/#organization","name":"Orkla Foods Romania","url":"https:\/\/orkla.ro\/","logo":{"@type":"ImageObject","inLanguage":"en-US","@id":"https:\/\/orkla.ro\/#\/schema\/logo\/image\/","url":"https:\/\/orkla.ro\/wp-content\/uploads\/2019\/12\/logo-orkla-foods-romania-copy-1.jpg","contentUrl":"https:\/\/orkla.ro\/wp-content\/uploads\/2019\/12\/logo-orkla-foods-romania-copy-1.jpg","width":203,"height":70,"caption":"Orkla Foods Romania"},"image":{"@id":"https:\/\/orkla.ro\/#\/schema\/logo\/image\/"},"sameAs":["https:\/\/www.facebook.com\/OrklaFoodsRomania\/"]},{"@type":"Person","@id":"https:\/\/orkla.ro\/#\/schema\/person\/ec83ec7c7949f1c61e5dcef11a551c22","name":"Orkla Foods Romania","image":{"@type":"ImageObject","inLanguage":"en-US","@id":"https:\/\/secure.gravatar.com\/avatar\/49a7ce633d7d0e8bc783fd7dcff075c519ec5ee2bd28adc44bab900d72a7bf00?s=96&d=mm&r=g","url":"https:\/\/secure.gravatar.com\/avatar\/49a7ce633d7d0e8bc783fd7dcff075c519ec5ee2bd28adc44bab900d72a7bf00?s=96&d=mm&r=g","contentUrl":"https:\/\/secure.gravatar.com\/avatar\/49a7ce633d7d0e8bc783fd7dcff075c519ec5ee2bd28adc44bab900d72a7bf00?s=96&d=mm&r=g","caption":"Orkla Foods Romania"}}]}},"_links":{"self":[{"href":"https:\/\/orkla.ro\/en\/wp-json\/wp\/v2\/posts\/350909","targetHints":{"allow":["GET"]}}],"collection":[{"href":"https:\/\/orkla.ro\/en\/wp-json\/wp\/v2\/posts"}],"about":[{"href":"https:\/\/orkla.ro\/en\/wp-json\/wp\/v2\/types\/post"}],"author":[{"embeddable":true,"href":"https:\/\/orkla.ro\/en\/wp-json\/wp\/v2\/users\/1"}],"replies":[{"embeddable":true,"href":"https:\/\/orkla.ro\/en\/wp-json\/wp\/v2\/comments?post=350909"}],"version-history":[{"count":2,"href":"https:\/\/orkla.ro\/en\/wp-json\/wp\/v2\/posts\/350909\/revisions"}],"predecessor-version":[{"id":350913,"href":"https:\/\/orkla.ro\/en\/wp-json\/wp\/v2\/posts\/350909\/revisions\/350913"}],"wp:featuredmedia":[{"embeddable":true,"href":"https:\/\/orkla.ro\/en\/wp-json\/wp\/v2\/media\/350916"}],"wp:attachment":[{"href":"https:\/\/orkla.ro\/en\/wp-json\/wp\/v2\/media?parent=350909"}],"wp:term":[{"taxonomy":"category","embeddable":true,"href":"https:\/\/orkla.ro\/en\/wp-json\/wp\/v2\/categories?post=350909"},{"taxonomy":"post_tag","embeddable":true,"href":"https:\/\/orkla.ro\/en\/wp-json\/wp\/v2\/tags?post=350909"}],"curies":[{"name":"wp","href":"https:\/\/api.w.org\/{rel}","templated":true}]}}