{"id":350433,"date":"2020-08-10T18:37:02","date_gmt":"2020-08-10T18:37:02","guid":{"rendered":"https:\/\/orkla.ro\/?p=350433"},"modified":"2020-08-11T19:00:02","modified_gmt":"2020-08-11T19:00:02","slug":"cand-doi-se-lupta-fainosagul-castiga","status":"publish","type":"post","link":"https:\/\/orkla.ro\/en\/2020\/08\/10\/cand-doi-se-lupta-fainosagul-castiga\/","title":{"rendered":"When there's a battle, Fainosag is the winner"},"content":{"rendered":"<h4>In 2019, Ardealul started to pass the secrets of the Fainosag's tradition, to the newer generations.<\/h4>\n<p><!--more--><\/p>\n<p>&nbsp;<\/p>\n<p>The greatest pride of a teacher is to see his student performing better. Like when the master is left behind by the disciple.<\/p>\n<p>The young Ionut, after thought the secret of the Fainosag, developed his own recipe. The old Ion, did the same, once again.<\/p>\n<p>So it was the time to launch two new recipes, 100g: Ardealul with the traditional Fainosag, Ion's choice and Ardealul with Fainosag from the Future, made by Ionut.<\/p>\n<p>Consumers will decide the winner, by voting on https:\/\/ardealulcufainosag.ro . What would you choose? The taste of the old times or a daring taste from the future?\u00a0<a href=\"https:\/\/ardealulcufainosag.ro\/\">https:\/\/ardealulcufainosag.ro\/<\/a>. \u00a0Tu ce alegi? Un gust ca pe Vremuri sau un gust \u00eendr\u0103zne\u021b din Viitor?<\/p>\n<p>When there's a battle, there's a winner, the Fainosag. Ardealul with Fainosag.<\/p>\n<p>See the campaign:<\/p>\n<p><strong>TV<\/strong><\/p>\n<p><iframe loading=\"lazy\" title=\"Reclam\u0103 Pate Ardealul Ion vs. Ionu\u021b - C\u00e2nd doi se lupt\u0103, Faino\u0219agul c\u00e2\u0219tig\u0103. (2)\" width=\"1060\" height=\"596\" src=\"https:\/\/www.youtube.com\/embed\/-PRXaF2uf9s?feature=oembed&#038;enablejsapi=1&#038;origin=https:\/\/orkla.ro\" frameborder=\"0\" allow=\"accelerometer; autoplay; encrypted-media; gyroscope; picture-in-picture\" allowfullscreen><\/iframe><\/p>\n<p><iframe loading=\"lazy\" title=\"Reclam\u0103 Pate Ardealul Ion vs. Ionu\u021b - C\u00e2nd doi se lupt\u0103, Faino\u0219agul c\u00e2\u0219tig\u0103. (1)\" width=\"1060\" height=\"596\" src=\"https:\/\/www.youtube.com\/embed\/phEy1dL-0BA?feature=oembed&#038;enablejsapi=1&#038;origin=https:\/\/orkla.ro\" frameborder=\"0\" allow=\"accelerometer; autoplay; encrypted-media; gyroscope; picture-in-picture\" allowfullscreen><\/iframe><\/p>\n<p><strong>Digital:<\/strong><\/p>\n<p><iframe loading=\"lazy\" title=\"Reclam\u0103 Pate Ardealul Ion vs. Ionu\u021b - C\u00e2nd doi se lupt\u0103, Faino\u0219agul c\u00e2\u0219tig\u0103. (55 sec)2020\" width=\"1060\" height=\"596\" src=\"https:\/\/www.youtube.com\/embed\/jDdn0LYW5mA?feature=oembed&#038;enablejsapi=1&#038;origin=https:\/\/orkla.ro\" frameborder=\"0\" allow=\"accelerometer; autoplay; encrypted-media; gyroscope; picture-in-picture\" allowfullscreen><\/iframe><\/p>\n<p><iframe loading=\"lazy\" title=\"Reclam\u0103 Pate Ardealul cu Faino\u0219ag - Ion vs Ionu\u021b. No bun.\" width=\"1060\" height=\"596\" src=\"https:\/\/www.youtube.com\/embed\/g8mOpPlUCa0?feature=oembed&#038;enablejsapi=1&#038;origin=https:\/\/orkla.ro\" frameborder=\"0\" allow=\"accelerometer; autoplay; encrypted-media; gyroscope; picture-in-picture\" allowfullscreen><\/iframe><\/p>\n<p><iframe loading=\"lazy\" title=\"Ion feat. Ionu\u021b - Viitor ca pe vremuri (pies\u0103 cu Faino\u0219ag de la Ardealul)\" width=\"1060\" height=\"596\" src=\"https:\/\/www.youtube.com\/embed\/bqJDc3xf0OQ?feature=oembed&#038;enablejsapi=1&#038;origin=https:\/\/orkla.ro\" frameborder=\"0\" allow=\"accelerometer; autoplay; encrypted-media; gyroscope; picture-in-picture\" allowfullscreen><\/iframe><\/p>","protected":false},"excerpt":{"rendered":"<p>In 2019, Ardealul started to pass the secrets of the Fainosag's tradition, to the newer generations.<\/p>","protected":false},"author":1,"featured_media":350441,"comment_status":"closed","ping_status":"closed","sticky":false,"template":"","format":"standard","meta":{"footnotes":""},"categories":[79],"tags":[],"class_list":["post-350433","post","type-post","status-publish","format-standard","has-post-thumbnail","hentry","category-stiri"],"yoast_head":"<!-- This site is optimized with the Yoast SEO plugin v27.4 - https:\/\/yoast.com\/product\/yoast-seo-wordpress\/ -->\n<title>C\u00e2nd doi se lupt\u0103, Faino\u0219agul c\u00e2\u0219tig\u0103 - Orkla.ro<\/title>\n<meta name=\"description\" content=\"\u00cen 2019 a \u00eenceput evolu\u021bia pateului Ardealul, de la un Faino\u0219ag ancorat \u00een tradi\u021bii vechi, la predarea \u0219tafetei c\u0103tre genera\u021biile tinere.M\u00e2ndria cea mai mare a unui maestru e atunci c\u00e2nd ucenicul s\u0103u ajunge \u00een punctul \u00een care \u00eel dep\u0103\u0219e\u0219te \u0219i e capabil, pe cont propriu, s\u0103 fac\u0103 art\u0103.IONU\u021a, dup\u0103 ce a \u00eenv\u0103\u021bat arta Faino\u0219agului de la nea ION, i\u0219i dezvolt\u0103 propria re\u021bet\u0103 de pate. Dar nici nea ION nu se las\u0103 mai prejos.Astfel, ambii lanseaz\u0103 dou\u0103 re\u021bete noi de pate porc, 100g: ARDEALUL FAINO\u0218AG CA PE VREMURI, RE\u021aETA LUI ION \u0219i ARDEALUL FAINO\u0218AG DE VIITOR, RE\u021aETA LUI IONU\u021a.Consumatorii sunt cei care vor decide re\u021beta favorit\u0103, vot\u00e2nd pe\u00a0https:\/\/ardealulcufainosag.ro\/. \u00a0Tu ce alegi? Un gust ca pe Vremuri sau un gust \u00eendr\u0103zne\u021b din Viitor? C\u00e2nd doi se lupt\u0103, Faino\u0219agul c\u00e2\u0219tig\u0103. Ardealul cu Fainosag.\" \/>\n<meta name=\"robots\" content=\"index, follow, max-snippet:-1, max-image-preview:large, max-video-preview:-1\" \/>\n<link rel=\"canonical\" href=\"https:\/\/orkla.ro\/en\/2020\/08\/10\/cand-doi-se-lupta-fainosagul-castiga\/\" \/>\n<meta property=\"og:locale\" content=\"en_US\" \/>\n<meta property=\"og:type\" content=\"article\" \/>\n<meta property=\"og:title\" content=\"C\u00e2nd doi se lupt\u0103 Faino\u0219agul c\u00e2\u0219tig\u0103\" \/>\n<meta property=\"og:description\" content=\"\u00cen 2019 a \u00eenceput evolu\u021bia pateului Ardealul, de la un Faino\u0219ag ancorat \u00een tradi\u021bii vechi, la predarea \u0219tafetei c\u0103tre genera\u021biile tinere. M\u00e2ndria cea mai mare a unui maestru e atunci c\u00e2nd ucenicul s\u0103u ajunge \u00een punctul \u00een care \u00eel dep\u0103\u0219e\u0219te \u0219i e capabil, pe cont propriu, s\u0103 fac\u0103 art\u0103. IONU\u021a, dup\u0103 ce a \u00eenv\u0103\u021bat arta Faino\u0219agului de la nea ION, i\u0219i dezvolt\u0103 propria re\u021bet\u0103 de pate. Dar nici nea ION nu se las\u0103 mai prejos. Astfel, ambii lanseaz\u0103 dou\u0103 re\u021bete noi de pate porc, 100g: ARDEALUL FAINO\u0218AG CA PE VREMURI, RE\u021aETA LUI ION \u0219i ARDEALUL FAINO\u0218AG DE VIITOR, RE\u021aETA LUI IONU\u021a. Consumatorii sunt cei care vor decide re\u021beta favorit\u0103, vot\u00e2nd pe https:\/\/ardealulcufainosag.ro\/. Tu ce alegi? Un gust ca pe Vremuri sau un gust \u00eendr\u0103zne\u021b din Viitor? C\u00e2nd doi se lupt\u0103, Faino\u0219agul c\u00e2\u0219tig\u0103. Ardealul cu Fainosag.\" \/>\n<meta property=\"og:url\" content=\"https:\/\/orkla.ro\/en\/2020\/08\/10\/cand-doi-se-lupta-fainosagul-castiga\/\" \/>\n<meta property=\"og:site_name\" content=\"Orkla.ro\" \/>\n<meta property=\"article:publisher\" content=\"https:\/\/www.facebook.com\/OrklaFoodsRomania\/\" \/>\n<meta property=\"article:published_time\" content=\"2020-08-10T18:37:02+00:00\" \/>\n<meta property=\"article:modified_time\" content=\"2020-08-11T19:00:02+00:00\" \/>\n<meta property=\"og:image\" content=\"https:\/\/orkla.ro\/wp-content\/uploads\/2020\/08\/Ardealul-Ion-Vs-Ionut.jpg\" \/>\n\t<meta property=\"og:image:width\" content=\"900\" \/>\n\t<meta property=\"og:image:height\" content=\"900\" \/>\n\t<meta property=\"og:image:type\" content=\"image\/jpeg\" \/>\n<meta name=\"author\" content=\"Orkla Foods Romania\" \/>\n<meta name=\"twitter:card\" content=\"summary_large_image\" \/>\n<meta name=\"twitter:title\" content=\"C\u00e2nd doi se lupt\u0103 Faino\u0219agul c\u00e2\u0219tig\u0103\" \/>\n<meta name=\"twitter:description\" content=\"\u00cen 2019 a \u00eenceput evolu\u021bia pateului Ardealul, de la un Faino\u0219ag ancorat \u00een tradi\u021bii vechi, la predarea \u0219tafetei c\u0103tre genera\u021biile tinere. M\u00e2ndria cea mai mare a unui maestru e atunci c\u00e2nd ucenicul s\u0103u ajunge \u00een punctul \u00een care \u00eel dep\u0103\u0219e\u0219te \u0219i e capabil, pe cont propriu, s\u0103 fac\u0103 art\u0103. IONU\u021a, dup\u0103 ce a \u00eenv\u0103\u021bat arta Faino\u0219agului de la nea ION, i\u0219i dezvolt\u0103 propria re\u021bet\u0103 de pate. Dar nici nea ION nu se las\u0103 mai prejos. Astfel, ambii lanseaz\u0103 dou\u0103 re\u021bete noi de pate porc, 100g: ARDEALUL FAINO\u0218AG CA PE VREMURI, RE\u021aETA LUI ION \u0219i ARDEALUL FAINO\u0218AG DE VIITOR, RE\u021aETA LUI IONU\u021a. Consumatorii sunt cei care vor decide re\u021beta favorit\u0103, vot\u00e2nd pe https:\/\/ardealulcufainosag.ro\/. Tu ce alegi? Un gust ca pe Vremuri sau un gust \u00eendr\u0103zne\u021b din Viitor? C\u00e2nd doi se lupt\u0103, Faino\u0219agul c\u00e2\u0219tig\u0103. Ardealul cu Fainosag.\" \/>\n<meta name=\"twitter:label1\" content=\"Written by\" \/>\n\t<meta name=\"twitter:data1\" content=\"Orkla Foods Romania\" \/>\n\t<meta name=\"twitter:label2\" content=\"Est. reading time\" \/>\n\t<meta name=\"twitter:data2\" content=\"1 minute\" \/>\n<script type=\"application\/ld+json\" class=\"yoast-schema-graph\">{\"@context\":\"https:\\\/\\\/schema.org\",\"@graph\":[{\"@type\":\"Article\",\"@id\":\"https:\\\/\\\/orkla.ro\\\/2020\\\/08\\\/10\\\/cand-doi-se-lupta-fainosagul-castiga\\\/#article\",\"isPartOf\":{\"@id\":\"https:\\\/\\\/orkla.ro\\\/2020\\\/08\\\/10\\\/cand-doi-se-lupta-fainosagul-castiga\\\/\"},\"author\":{\"name\":\"Orkla Foods Romania\",\"@id\":\"https:\\\/\\\/orkla.ro\\\/#\\\/schema\\\/person\\\/ec83ec7c7949f1c61e5dcef11a551c22\"},\"headline\":\"C\u00e2nd doi se lupt\u0103, Faino\u0219agul c\u00e2\u0219tig\u0103\",\"datePublished\":\"2020-08-10T18:37:02+00:00\",\"dateModified\":\"2020-08-11T19:00:02+00:00\",\"mainEntityOfPage\":{\"@id\":\"https:\\\/\\\/orkla.ro\\\/2020\\\/08\\\/10\\\/cand-doi-se-lupta-fainosagul-castiga\\\/\"},\"wordCount\":229,\"publisher\":{\"@id\":\"https:\\\/\\\/orkla.ro\\\/#organization\"},\"image\":{\"@id\":\"https:\\\/\\\/orkla.ro\\\/2020\\\/08\\\/10\\\/cand-doi-se-lupta-fainosagul-castiga\\\/#primaryimage\"},\"thumbnailUrl\":\"https:\\\/\\\/orkla.ro\\\/wp-content\\\/uploads\\\/2020\\\/08\\\/Ardealul-Ion-Vs-Ionut.jpg\",\"articleSection\":[\"Stiri\"],\"inLanguage\":\"en-US\"},{\"@type\":\"WebPage\",\"@id\":\"https:\\\/\\\/orkla.ro\\\/2020\\\/08\\\/10\\\/cand-doi-se-lupta-fainosagul-castiga\\\/\",\"url\":\"https:\\\/\\\/orkla.ro\\\/2020\\\/08\\\/10\\\/cand-doi-se-lupta-fainosagul-castiga\\\/\",\"name\":\"C\u00e2nd doi se lupt\u0103, Faino\u0219agul c\u00e2\u0219tig\u0103 - Orkla.ro\",\"isPartOf\":{\"@id\":\"https:\\\/\\\/orkla.ro\\\/#website\"},\"primaryImageOfPage\":{\"@id\":\"https:\\\/\\\/orkla.ro\\\/2020\\\/08\\\/10\\\/cand-doi-se-lupta-fainosagul-castiga\\\/#primaryimage\"},\"image\":{\"@id\":\"https:\\\/\\\/orkla.ro\\\/2020\\\/08\\\/10\\\/cand-doi-se-lupta-fainosagul-castiga\\\/#primaryimage\"},\"thumbnailUrl\":\"https:\\\/\\\/orkla.ro\\\/wp-content\\\/uploads\\\/2020\\\/08\\\/Ardealul-Ion-Vs-Ionut.jpg\",\"datePublished\":\"2020-08-10T18:37:02+00:00\",\"dateModified\":\"2020-08-11T19:00:02+00:00\",\"description\":\"\u00cen 2019 a \u00eenceput evolu\u021bia pateului Ardealul, de la un Faino\u0219ag ancorat \u00een tradi\u021bii vechi, la predarea \u0219tafetei c\u0103tre genera\u021biile tinere.M\u00e2ndria cea mai mare a unui maestru e atunci c\u00e2nd ucenicul s\u0103u ajunge \u00een punctul \u00een care \u00eel dep\u0103\u0219e\u0219te \u0219i e capabil, pe cont propriu, s\u0103 fac\u0103 art\u0103.IONU\u021a, dup\u0103 ce a \u00eenv\u0103\u021bat arta Faino\u0219agului de la nea ION, i\u0219i dezvolt\u0103 propria re\u021bet\u0103 de pate. Dar nici nea ION nu se las\u0103 mai prejos.Astfel, ambii lanseaz\u0103 dou\u0103 re\u021bete noi de pate porc, 100g: ARDEALUL FAINO\u0218AG CA PE VREMURI, RE\u021aETA LUI ION \u0219i ARDEALUL FAINO\u0218AG DE VIITOR, RE\u021aETA LUI IONU\u021a.Consumatorii sunt cei care vor decide re\u021beta favorit\u0103, vot\u00e2nd pe\u00a0https:\\\/\\\/ardealulcufainosag.ro\\\/. \u00a0Tu ce alegi? Un gust ca pe Vremuri sau un gust \u00eendr\u0103zne\u021b din Viitor? C\u00e2nd doi se lupt\u0103, Faino\u0219agul c\u00e2\u0219tig\u0103. Ardealul cu Fainosag.\",\"breadcrumb\":{\"@id\":\"https:\\\/\\\/orkla.ro\\\/2020\\\/08\\\/10\\\/cand-doi-se-lupta-fainosagul-castiga\\\/#breadcrumb\"},\"inLanguage\":\"en-US\",\"potentialAction\":[{\"@type\":\"ReadAction\",\"target\":[\"https:\\\/\\\/orkla.ro\\\/2020\\\/08\\\/10\\\/cand-doi-se-lupta-fainosagul-castiga\\\/\"]}]},{\"@type\":\"ImageObject\",\"inLanguage\":\"en-US\",\"@id\":\"https:\\\/\\\/orkla.ro\\\/2020\\\/08\\\/10\\\/cand-doi-se-lupta-fainosagul-castiga\\\/#primaryimage\",\"url\":\"https:\\\/\\\/orkla.ro\\\/wp-content\\\/uploads\\\/2020\\\/08\\\/Ardealul-Ion-Vs-Ionut.jpg\",\"contentUrl\":\"https:\\\/\\\/orkla.ro\\\/wp-content\\\/uploads\\\/2020\\\/08\\\/Ardealul-Ion-Vs-Ionut.jpg\",\"width\":900,\"height\":900},{\"@type\":\"BreadcrumbList\",\"@id\":\"https:\\\/\\\/orkla.ro\\\/2020\\\/08\\\/10\\\/cand-doi-se-lupta-fainosagul-castiga\\\/#breadcrumb\",\"itemListElement\":[{\"@type\":\"ListItem\",\"position\":1,\"name\":\"Home\",\"item\":\"https:\\\/\\\/orkla.ro\\\/\"},{\"@type\":\"ListItem\",\"position\":2,\"name\":\"C\u00e2nd doi se lupt\u0103, Faino\u0219agul c\u00e2\u0219tig\u0103\"}]},{\"@type\":\"WebSite\",\"@id\":\"https:\\\/\\\/orkla.ro\\\/#website\",\"url\":\"https:\\\/\\\/orkla.ro\\\/\",\"name\":\"Orkla.ro\",\"description\":\"PRIETENUL T\u0102U \u00ceN VIA\u021aA DE ZI CU ZI\",\"publisher\":{\"@id\":\"https:\\\/\\\/orkla.ro\\\/#organization\"},\"potentialAction\":[{\"@type\":\"SearchAction\",\"target\":{\"@type\":\"EntryPoint\",\"urlTemplate\":\"https:\\\/\\\/orkla.ro\\\/?s={search_term_string}\"},\"query-input\":{\"@type\":\"PropertyValueSpecification\",\"valueRequired\":true,\"valueName\":\"search_term_string\"}}],\"inLanguage\":\"en-US\"},{\"@type\":\"Organization\",\"@id\":\"https:\\\/\\\/orkla.ro\\\/#organization\",\"name\":\"Orkla Foods Romania\",\"url\":\"https:\\\/\\\/orkla.ro\\\/\",\"logo\":{\"@type\":\"ImageObject\",\"inLanguage\":\"en-US\",\"@id\":\"https:\\\/\\\/orkla.ro\\\/#\\\/schema\\\/logo\\\/image\\\/\",\"url\":\"https:\\\/\\\/orkla.ro\\\/wp-content\\\/uploads\\\/2019\\\/12\\\/logo-orkla-foods-romania-copy-1.jpg\",\"contentUrl\":\"https:\\\/\\\/orkla.ro\\\/wp-content\\\/uploads\\\/2019\\\/12\\\/logo-orkla-foods-romania-copy-1.jpg\",\"width\":203,\"height\":70,\"caption\":\"Orkla Foods Romania\"},\"image\":{\"@id\":\"https:\\\/\\\/orkla.ro\\\/#\\\/schema\\\/logo\\\/image\\\/\"},\"sameAs\":[\"https:\\\/\\\/www.facebook.com\\\/OrklaFoodsRomania\\\/\"]},{\"@type\":\"Person\",\"@id\":\"https:\\\/\\\/orkla.ro\\\/#\\\/schema\\\/person\\\/ec83ec7c7949f1c61e5dcef11a551c22\",\"name\":\"Orkla Foods Romania\",\"image\":{\"@type\":\"ImageObject\",\"inLanguage\":\"en-US\",\"@id\":\"https:\\\/\\\/secure.gravatar.com\\\/avatar\\\/49a7ce633d7d0e8bc783fd7dcff075c519ec5ee2bd28adc44bab900d72a7bf00?s=96&d=mm&r=g\",\"url\":\"https:\\\/\\\/secure.gravatar.com\\\/avatar\\\/49a7ce633d7d0e8bc783fd7dcff075c519ec5ee2bd28adc44bab900d72a7bf00?s=96&d=mm&r=g\",\"contentUrl\":\"https:\\\/\\\/secure.gravatar.com\\\/avatar\\\/49a7ce633d7d0e8bc783fd7dcff075c519ec5ee2bd28adc44bab900d72a7bf00?s=96&d=mm&r=g\",\"caption\":\"Orkla Foods Romania\"}}]}<\/script>\n<!-- \/ Yoast SEO plugin. -->","yoast_head_json":{"title":"C\u00e2nd doi se lupt\u0103, Faino\u0219agul c\u00e2\u0219tig\u0103 - Orkla.ro","description":"\u00cen 2019 a \u00eenceput evolu\u021bia pateului Ardealul, de la un Faino\u0219ag ancorat \u00een tradi\u021bii vechi, la predarea \u0219tafetei c\u0103tre genera\u021biile tinere.M\u00e2ndria cea mai mare a unui maestru e atunci c\u00e2nd ucenicul s\u0103u ajunge \u00een punctul \u00een care \u00eel dep\u0103\u0219e\u0219te \u0219i e capabil, pe cont propriu, s\u0103 fac\u0103 art\u0103.IONU\u021a, dup\u0103 ce a \u00eenv\u0103\u021bat arta Faino\u0219agului de la nea ION, i\u0219i dezvolt\u0103 propria re\u021bet\u0103 de pate. Dar nici nea ION nu se las\u0103 mai prejos.Astfel, ambii lanseaz\u0103 dou\u0103 re\u021bete noi de pate porc, 100g: ARDEALUL FAINO\u0218AG CA PE VREMURI, RE\u021aETA LUI ION \u0219i ARDEALUL FAINO\u0218AG DE VIITOR, RE\u021aETA LUI IONU\u021a.Consumatorii sunt cei care vor decide re\u021beta favorit\u0103, vot\u00e2nd pe\u00a0https:\/\/ardealulcufainosag.ro\/. \u00a0Tu ce alegi? Un gust ca pe Vremuri sau un gust \u00eendr\u0103zne\u021b din Viitor? C\u00e2nd doi se lupt\u0103, Faino\u0219agul c\u00e2\u0219tig\u0103. Ardealul cu Fainosag.","robots":{"index":"index","follow":"follow","max-snippet":"max-snippet:-1","max-image-preview":"max-image-preview:large","max-video-preview":"max-video-preview:-1"},"canonical":"https:\/\/orkla.ro\/en\/2020\/08\/10\/cand-doi-se-lupta-fainosagul-castiga\/","og_locale":"en_US","og_type":"article","og_title":"C\u00e2nd doi se lupt\u0103 Faino\u0219agul c\u00e2\u0219tig\u0103","og_description":"\u00cen 2019 a \u00eenceput evolu\u021bia pateului Ardealul, de la un Faino\u0219ag ancorat \u00een tradi\u021bii vechi, la predarea \u0219tafetei c\u0103tre genera\u021biile tinere. M\u00e2ndria cea mai mare a unui maestru e atunci c\u00e2nd ucenicul s\u0103u ajunge \u00een punctul \u00een care \u00eel dep\u0103\u0219e\u0219te \u0219i e capabil, pe cont propriu, s\u0103 fac\u0103 art\u0103. IONU\u021a, dup\u0103 ce a \u00eenv\u0103\u021bat arta Faino\u0219agului de la nea ION, i\u0219i dezvolt\u0103 propria re\u021bet\u0103 de pate. Dar nici nea ION nu se las\u0103 mai prejos. Astfel, ambii lanseaz\u0103 dou\u0103 re\u021bete noi de pate porc, 100g: ARDEALUL FAINO\u0218AG CA PE VREMURI, RE\u021aETA LUI ION \u0219i ARDEALUL FAINO\u0218AG DE VIITOR, RE\u021aETA LUI IONU\u021a. Consumatorii sunt cei care vor decide re\u021beta favorit\u0103, vot\u00e2nd pe https:\/\/ardealulcufainosag.ro\/. Tu ce alegi? Un gust ca pe Vremuri sau un gust \u00eendr\u0103zne\u021b din Viitor? C\u00e2nd doi se lupt\u0103, Faino\u0219agul c\u00e2\u0219tig\u0103. Ardealul cu Fainosag.","og_url":"https:\/\/orkla.ro\/en\/2020\/08\/10\/cand-doi-se-lupta-fainosagul-castiga\/","og_site_name":"Orkla.ro","article_publisher":"https:\/\/www.facebook.com\/OrklaFoodsRomania\/","article_published_time":"2020-08-10T18:37:02+00:00","article_modified_time":"2020-08-11T19:00:02+00:00","og_image":[{"width":900,"height":900,"url":"https:\/\/orkla.ro\/wp-content\/uploads\/2020\/08\/Ardealul-Ion-Vs-Ionut.jpg","type":"image\/jpeg"}],"author":"Orkla Foods Romania","twitter_card":"summary_large_image","twitter_title":"C\u00e2nd doi se lupt\u0103 Faino\u0219agul c\u00e2\u0219tig\u0103","twitter_description":"\u00cen 2019 a \u00eenceput evolu\u021bia pateului Ardealul, de la un Faino\u0219ag ancorat \u00een tradi\u021bii vechi, la predarea \u0219tafetei c\u0103tre genera\u021biile tinere. M\u00e2ndria cea mai mare a unui maestru e atunci c\u00e2nd ucenicul s\u0103u ajunge \u00een punctul \u00een care \u00eel dep\u0103\u0219e\u0219te \u0219i e capabil, pe cont propriu, s\u0103 fac\u0103 art\u0103. IONU\u021a, dup\u0103 ce a \u00eenv\u0103\u021bat arta Faino\u0219agului de la nea ION, i\u0219i dezvolt\u0103 propria re\u021bet\u0103 de pate. Dar nici nea ION nu se las\u0103 mai prejos. Astfel, ambii lanseaz\u0103 dou\u0103 re\u021bete noi de pate porc, 100g: ARDEALUL FAINO\u0218AG CA PE VREMURI, RE\u021aETA LUI ION \u0219i ARDEALUL FAINO\u0218AG DE VIITOR, RE\u021aETA LUI IONU\u021a. Consumatorii sunt cei care vor decide re\u021beta favorit\u0103, vot\u00e2nd pe https:\/\/ardealulcufainosag.ro\/. Tu ce alegi? Un gust ca pe Vremuri sau un gust \u00eendr\u0103zne\u021b din Viitor? C\u00e2nd doi se lupt\u0103, Faino\u0219agul c\u00e2\u0219tig\u0103. Ardealul cu Fainosag.","twitter_misc":{"Written by":"Orkla Foods Romania","Est. reading time":"1 minute"},"schema":{"@context":"https:\/\/schema.org","@graph":[{"@type":"Article","@id":"https:\/\/orkla.ro\/2020\/08\/10\/cand-doi-se-lupta-fainosagul-castiga\/#article","isPartOf":{"@id":"https:\/\/orkla.ro\/2020\/08\/10\/cand-doi-se-lupta-fainosagul-castiga\/"},"author":{"name":"Orkla Foods Romania","@id":"https:\/\/orkla.ro\/#\/schema\/person\/ec83ec7c7949f1c61e5dcef11a551c22"},"headline":"C\u00e2nd doi se lupt\u0103, Faino\u0219agul c\u00e2\u0219tig\u0103","datePublished":"2020-08-10T18:37:02+00:00","dateModified":"2020-08-11T19:00:02+00:00","mainEntityOfPage":{"@id":"https:\/\/orkla.ro\/2020\/08\/10\/cand-doi-se-lupta-fainosagul-castiga\/"},"wordCount":229,"publisher":{"@id":"https:\/\/orkla.ro\/#organization"},"image":{"@id":"https:\/\/orkla.ro\/2020\/08\/10\/cand-doi-se-lupta-fainosagul-castiga\/#primaryimage"},"thumbnailUrl":"https:\/\/orkla.ro\/wp-content\/uploads\/2020\/08\/Ardealul-Ion-Vs-Ionut.jpg","articleSection":["Stiri"],"inLanguage":"en-US"},{"@type":"WebPage","@id":"https:\/\/orkla.ro\/2020\/08\/10\/cand-doi-se-lupta-fainosagul-castiga\/","url":"https:\/\/orkla.ro\/2020\/08\/10\/cand-doi-se-lupta-fainosagul-castiga\/","name":"C\u00e2nd doi se lupt\u0103, Faino\u0219agul c\u00e2\u0219tig\u0103 - Orkla.ro","isPartOf":{"@id":"https:\/\/orkla.ro\/#website"},"primaryImageOfPage":{"@id":"https:\/\/orkla.ro\/2020\/08\/10\/cand-doi-se-lupta-fainosagul-castiga\/#primaryimage"},"image":{"@id":"https:\/\/orkla.ro\/2020\/08\/10\/cand-doi-se-lupta-fainosagul-castiga\/#primaryimage"},"thumbnailUrl":"https:\/\/orkla.ro\/wp-content\/uploads\/2020\/08\/Ardealul-Ion-Vs-Ionut.jpg","datePublished":"2020-08-10T18:37:02+00:00","dateModified":"2020-08-11T19:00:02+00:00","description":"\u00cen 2019 a \u00eenceput evolu\u021bia pateului Ardealul, de la un Faino\u0219ag ancorat \u00een tradi\u021bii vechi, la predarea \u0219tafetei c\u0103tre genera\u021biile tinere.M\u00e2ndria cea mai mare a unui maestru e atunci c\u00e2nd ucenicul s\u0103u ajunge \u00een punctul \u00een care \u00eel dep\u0103\u0219e\u0219te \u0219i e capabil, pe cont propriu, s\u0103 fac\u0103 art\u0103.IONU\u021a, dup\u0103 ce a \u00eenv\u0103\u021bat arta Faino\u0219agului de la nea ION, i\u0219i dezvolt\u0103 propria re\u021bet\u0103 de pate. Dar nici nea ION nu se las\u0103 mai prejos.Astfel, ambii lanseaz\u0103 dou\u0103 re\u021bete noi de pate porc, 100g: ARDEALUL FAINO\u0218AG CA PE VREMURI, RE\u021aETA LUI ION \u0219i ARDEALUL FAINO\u0218AG DE VIITOR, RE\u021aETA LUI IONU\u021a.Consumatorii sunt cei care vor decide re\u021beta favorit\u0103, vot\u00e2nd pe\u00a0https:\/\/ardealulcufainosag.ro\/. \u00a0Tu ce alegi? Un gust ca pe Vremuri sau un gust \u00eendr\u0103zne\u021b din Viitor? C\u00e2nd doi se lupt\u0103, Faino\u0219agul c\u00e2\u0219tig\u0103. Ardealul cu Fainosag.","breadcrumb":{"@id":"https:\/\/orkla.ro\/2020\/08\/10\/cand-doi-se-lupta-fainosagul-castiga\/#breadcrumb"},"inLanguage":"en-US","potentialAction":[{"@type":"ReadAction","target":["https:\/\/orkla.ro\/2020\/08\/10\/cand-doi-se-lupta-fainosagul-castiga\/"]}]},{"@type":"ImageObject","inLanguage":"en-US","@id":"https:\/\/orkla.ro\/2020\/08\/10\/cand-doi-se-lupta-fainosagul-castiga\/#primaryimage","url":"https:\/\/orkla.ro\/wp-content\/uploads\/2020\/08\/Ardealul-Ion-Vs-Ionut.jpg","contentUrl":"https:\/\/orkla.ro\/wp-content\/uploads\/2020\/08\/Ardealul-Ion-Vs-Ionut.jpg","width":900,"height":900},{"@type":"BreadcrumbList","@id":"https:\/\/orkla.ro\/2020\/08\/10\/cand-doi-se-lupta-fainosagul-castiga\/#breadcrumb","itemListElement":[{"@type":"ListItem","position":1,"name":"Home","item":"https:\/\/orkla.ro\/"},{"@type":"ListItem","position":2,"name":"C\u00e2nd doi se lupt\u0103, Faino\u0219agul c\u00e2\u0219tig\u0103"}]},{"@type":"WebSite","@id":"https:\/\/orkla.ro\/#website","url":"https:\/\/orkla.ro\/","name":"Orkla.ro","description":"YOUR FRIEND IN EVERYDAY LIFE","publisher":{"@id":"https:\/\/orkla.ro\/#organization"},"potentialAction":[{"@type":"SearchAction","target":{"@type":"EntryPoint","urlTemplate":"https:\/\/orkla.ro\/?s={search_term_string}"},"query-input":{"@type":"PropertyValueSpecification","valueRequired":true,"valueName":"search_term_string"}}],"inLanguage":"en-US"},{"@type":"Organization","@id":"https:\/\/orkla.ro\/#organization","name":"Orkla Foods Romania","url":"https:\/\/orkla.ro\/","logo":{"@type":"ImageObject","inLanguage":"en-US","@id":"https:\/\/orkla.ro\/#\/schema\/logo\/image\/","url":"https:\/\/orkla.ro\/wp-content\/uploads\/2019\/12\/logo-orkla-foods-romania-copy-1.jpg","contentUrl":"https:\/\/orkla.ro\/wp-content\/uploads\/2019\/12\/logo-orkla-foods-romania-copy-1.jpg","width":203,"height":70,"caption":"Orkla Foods Romania"},"image":{"@id":"https:\/\/orkla.ro\/#\/schema\/logo\/image\/"},"sameAs":["https:\/\/www.facebook.com\/OrklaFoodsRomania\/"]},{"@type":"Person","@id":"https:\/\/orkla.ro\/#\/schema\/person\/ec83ec7c7949f1c61e5dcef11a551c22","name":"Orkla Foods Romania","image":{"@type":"ImageObject","inLanguage":"en-US","@id":"https:\/\/secure.gravatar.com\/avatar\/49a7ce633d7d0e8bc783fd7dcff075c519ec5ee2bd28adc44bab900d72a7bf00?s=96&d=mm&r=g","url":"https:\/\/secure.gravatar.com\/avatar\/49a7ce633d7d0e8bc783fd7dcff075c519ec5ee2bd28adc44bab900d72a7bf00?s=96&d=mm&r=g","contentUrl":"https:\/\/secure.gravatar.com\/avatar\/49a7ce633d7d0e8bc783fd7dcff075c519ec5ee2bd28adc44bab900d72a7bf00?s=96&d=mm&r=g","caption":"Orkla Foods Romania"}}]}},"_links":{"self":[{"href":"https:\/\/orkla.ro\/en\/wp-json\/wp\/v2\/posts\/350433","targetHints":{"allow":["GET"]}}],"collection":[{"href":"https:\/\/orkla.ro\/en\/wp-json\/wp\/v2\/posts"}],"about":[{"href":"https:\/\/orkla.ro\/en\/wp-json\/wp\/v2\/types\/post"}],"author":[{"embeddable":true,"href":"https:\/\/orkla.ro\/en\/wp-json\/wp\/v2\/users\/1"}],"replies":[{"embeddable":true,"href":"https:\/\/orkla.ro\/en\/wp-json\/wp\/v2\/comments?post=350433"}],"version-history":[{"count":5,"href":"https:\/\/orkla.ro\/en\/wp-json\/wp\/v2\/posts\/350433\/revisions"}],"predecessor-version":[{"id":350440,"href":"https:\/\/orkla.ro\/en\/wp-json\/wp\/v2\/posts\/350433\/revisions\/350440"}],"wp:featuredmedia":[{"embeddable":true,"href":"https:\/\/orkla.ro\/en\/wp-json\/wp\/v2\/media\/350441"}],"wp:attachment":[{"href":"https:\/\/orkla.ro\/en\/wp-json\/wp\/v2\/media?parent=350433"}],"wp:term":[{"taxonomy":"category","embeddable":true,"href":"https:\/\/orkla.ro\/en\/wp-json\/wp\/v2\/categories?post=350433"},{"taxonomy":"post_tag","embeddable":true,"href":"https:\/\/orkla.ro\/en\/wp-json\/wp\/v2\/tags?post=350433"}],"curies":[{"name":"wp","href":"https:\/\/api.w.org\/{rel}","templated":true}]}}